{"id":139,"date":"2013-01-16T21:33:20","date_gmt":"2013-01-16T21:33:20","guid":{"rendered":"http:\/\/www.contenteentretenimento.com.br\/novo2013\/?p=139"},"modified":"2013-02-03T13:12:46","modified_gmt":"2013-02-03T13:12:46","slug":"bailes-devassa","status":"publish","type":"post","link":"https:\/\/contente.ag\/index.php\/2013\/01\/bailes-devassa\/","title":{"rendered":"Bailes Devassa"},"content":{"rendered":"<p>Os Bailes Devassa marcaram o retorno dos grandes e glamurosos bailes de Carnaval do Rio. Foram sete dias de muita festa que encheu de foli\u00f5es os armaz\u00e9ns da \u00e1rea Portu\u00e1ria da cidade. A Contente foi respons\u00e1vel pelo desenvolvimento de todo conte\u00fado e gerenciamento das redes sociais e site do evento. Todo conte\u00fado pr\u00e9-evento com mat\u00e9rias em texto, v\u00eddeo e fotos foi iniciado nos dois meses que antecederam os Bailes. Cobertura <i>real time<\/i>, com postagem de v\u00eddeos e fotos, direto do Pier Mau\u00e1 em todos os dias do Bailes Devassa. Foram mais de 70 mat\u00e9rias, 44 galerias de foto e 50 v\u00eddeos produzidos.<\/p>\n<p>&nbsp;<\/p>\n<p><iframe width=\"700\" height=\"394\" src=\"http:\/\/www.youtube.com\/embed\/WCOgnP5wO2Q?list=UUOyyymcGdZsFonNzpZm7MfA\" frameborder=\"0\" allowfullscreen><\/iframe><\/p>\n<p>&nbsp;<\/p>\n<p><iframe src=\"http:\/\/www.youtube.com\/embed\/TGcSOPHyCQM?list=UUOyyymcGdZsFonNzpZm7MfA\" height=\"394\" width=\"700\" allowfullscreen=\"\" frameborder=\"0\"><\/iframe><\/p>\n<p>&nbsp;<\/p>\n<p><iframe src=\"http:\/\/www.youtube.com\/embed\/Tek5_mqJmwM?list=UUOyyymcGdZsFonNzpZm7MfA\" height=\"394\" width=\"700\" allowfullscreen=\"\" frameborder=\"0\"><\/iframe><\/p>\n<p>&nbsp;<\/p>\n<p><iframe src=\"http:\/\/www.youtube.com\/embed\/Dpp5cgZLhM4?list=UUOyyymcGdZsFonNzpZm7MfA\" height=\"394\" width=\"700\" allowfullscreen=\"\" frameborder=\"0\"><\/iframe><\/p>\n<p>&nbsp;<\/p>\n<p><iframe src=\"http:\/\/www.youtube.com\/embed\/UJDAaSn8CLA?list=UUOyyymcGdZsFonNzpZm7MfA\" height=\"394\" width=\"700\" allowfullscreen=\"\" frameborder=\"0\"><\/iframe><\/p>\n<p>Confira todos os v\u00eddeos do evento no Brand Channel do <a title=\"Brand Channel Bailes Devassa\" href=\"http:\/\/www.youtube.com\/user\/BailesDevassa\" target=\"_blank\">Bailes Devassa<\/a>.<\/p>\n<p>&nbsp;<\/p>\n","protected":false},"excerpt":{"rendered":"<p>Os Bailes Devassa marcaram o retorno dos grandes e glamurosos bailes de Carnaval do Rio. Foram sete dias de muita [&hellip;]<\/p>\n","protected":false},"author":1,"featured_media":204,"comment_status":"closed","ping_status":"closed","sticky":false,"template":"","format":"standard","meta":{"footnotes":""},"categories":[13,49],"tags":[],"_links":{"self":[{"href":"https:\/\/contente.ag\/index.php\/wp-json\/wp\/v2\/posts\/139"}],"collection":[{"href":"https:\/\/contente.ag\/index.php\/wp-json\/wp\/v2\/posts"}],"about":[{"href":"https:\/\/contente.ag\/index.php\/wp-json\/wp\/v2\/types\/post"}],"author":[{"embeddable":true,"href":"https:\/\/contente.ag\/index.php\/wp-json\/wp\/v2\/users\/1"}],"replies":[{"embeddable":true,"href":"https:\/\/contente.ag\/index.php\/wp-json\/wp\/v2\/comments?post=139"}],"version-history":[{"count":13,"href":"https:\/\/contente.ag\/index.php\/wp-json\/wp\/v2\/posts\/139\/revisions"}],"predecessor-version":[{"id":561,"href":"https:\/\/contente.ag\/index.php\/wp-json\/wp\/v2\/posts\/139\/revisions\/561"}],"wp:featuredmedia":[{"embeddable":true,"href":"https:\/\/contente.ag\/index.php\/wp-json\/wp\/v2\/media\/204"}],"wp:attachment":[{"href":"https:\/\/contente.ag\/index.php\/wp-json\/wp\/v2\/media?parent=139"}],"wp:term":[{"taxonomy":"category","embeddable":true,"href":"https:\/\/contente.ag\/index.php\/wp-json\/wp\/v2\/categories?post=139"},{"taxonomy":"post_tag","embeddable":true,"href":"https:\/\/contente.ag\/index.php\/wp-json\/wp\/v2\/tags?post=139"}],"curies":[{"name":"wp","href":"https:\/\/api.w.org\/{rel}","templated":true}]}}