{"id":155,"date":"2013-01-18T21:46:05","date_gmt":"2013-01-18T21:46:05","guid":{"rendered":"http:\/\/www.contenteentretenimento.com.br\/novo2013\/?p=155"},"modified":"2013-02-03T12:56:19","modified_gmt":"2013-02-03T12:56:19","slug":"por-um-fio-2","status":"publish","type":"post","link":"https:\/\/contente.ag\/index.php\/2013\/01\/por-um-fio-2\/","title":{"rendered":"Por um Fio"},"content":{"rendered":"<p><strong>POR UM FIO, primeiro reality show do GNT, marca a parceria entre a Contente e o Canal.<\/strong><\/p>\n<p>\u201cPor Um Fio\u201d \u00e9 a adapta\u00e7\u00e3o brasileira do sucesso Americano \u201cShear Genius\u201d.<\/p>\n<p>Nesta vers\u00e3o, que j\u00e1 est\u00e1 caminhando para a terceira temporada, a atriz Juliana Paes fez sua estreia como apresentadora, e o top <i>hair stylist<\/i> Tiago Parente \u00e9 o mentor do sal\u00e3o que d\u00e1 o que falar. No Brasil, os direitos de adapta\u00e7\u00e3o da s\u00e9rie s\u00e3o exclusividade da CONTENTE ENTRETENIMENTO.<\/p>\n<p>Para ver a galeria de fotos do Making Of \u201cPor Um Fio\u201d, clique <a title=\"making off Por um Fio\" href=\"http:\/\/contenteentretenimento.com.br\/blog\/?p=112\" target=\"_blank\">aqui<\/a>.<\/p>\n<p>E se quiser dar uma olhada nas fotos da Festa de Lan\u00e7amento \u201cPor Um Fio\u201d, clique <a title=\"Fotos Por um Fio\" href=\"http:\/\/contenteentretenimento.com.br\/blog\/?p=135\" target=\"_blank\">aqui<\/a>.<\/p>\n<p>&nbsp;<\/p>\n<p><iframe src=\"http:\/\/player.vimeo.com\/video\/47257384?byline=0&amp;portrait=0\" height=\"393\" width=\"700\" allowfullscreen=\"\" frameborder=\"0\"><\/iframe><\/p>\n<p><a href=\"http:\/\/vimeo.com\/47257384\">\u00a0<\/a><\/p>\n<p>&nbsp;<\/p>\n","protected":false},"excerpt":{"rendered":"<p>POR UM FIO, primeiro reality show do GNT, marca a parceria entre a Contente e o Canal. \u201cPor Um Fio\u201d [&hellip;]<\/p>\n","protected":false},"author":1,"featured_media":45,"comment_status":"closed","ping_status":"closed","sticky":false,"template":"","format":"standard","meta":{"footnotes":""},"categories":[13],"tags":[],"_links":{"self":[{"href":"https:\/\/contente.ag\/index.php\/wp-json\/wp\/v2\/posts\/155"}],"collection":[{"href":"https:\/\/contente.ag\/index.php\/wp-json\/wp\/v2\/posts"}],"about":[{"href":"https:\/\/contente.ag\/index.php\/wp-json\/wp\/v2\/types\/post"}],"author":[{"embeddable":true,"href":"https:\/\/contente.ag\/index.php\/wp-json\/wp\/v2\/users\/1"}],"replies":[{"embeddable":true,"href":"https:\/\/contente.ag\/index.php\/wp-json\/wp\/v2\/comments?post=155"}],"version-history":[{"count":9,"href":"https:\/\/contente.ag\/index.php\/wp-json\/wp\/v2\/posts\/155\/revisions"}],"predecessor-version":[{"id":535,"href":"https:\/\/contente.ag\/index.php\/wp-json\/wp\/v2\/posts\/155\/revisions\/535"}],"wp:featuredmedia":[{"embeddable":true,"href":"https:\/\/contente.ag\/index.php\/wp-json\/wp\/v2\/media\/45"}],"wp:attachment":[{"href":"https:\/\/contente.ag\/index.php\/wp-json\/wp\/v2\/media?parent=155"}],"wp:term":[{"taxonomy":"category","embeddable":true,"href":"https:\/\/contente.ag\/index.php\/wp-json\/wp\/v2\/categories?post=155"},{"taxonomy":"post_tag","embeddable":true,"href":"https:\/\/contente.ag\/index.php\/wp-json\/wp\/v2\/tags?post=155"}],"curies":[{"name":"wp","href":"https:\/\/api.w.org\/{rel}","templated":true}]}}