{"id":697,"date":"2014-01-18T01:51:48","date_gmt":"2014-01-18T01:51:48","guid":{"rendered":"http:\/\/www.contenteentretenimento.com.br\/?p=697"},"modified":"2016-10-24T18:48:30","modified_gmt":"2016-10-24T18:48:30","slug":"cineglitz-com-renata-boldrini","status":"publish","type":"post","link":"https:\/\/contente.ag\/index.php\/2014\/01\/cineglitz-com-renata-boldrini\/","title":{"rendered":"CineGlitz* com Renata Boldrini"},"content":{"rendered":"<p>A Contente produz a temporada atual do <a title=\"CineGlitz*\" href=\"https:\/\/www.youtube.com\/watch?v=cpYqG8YXwFI\" target=\"_blank\">CineGlitz*<\/a> para o canal <a title=\"Canal Glitz*\" href=\"http:\/\/www.glitztv.com.br\" target=\"_blank\">Glitz*<\/a>. A jornalista (e s\u00f3cia da Contente) Renata Boldrini apresenta sess\u00f5es di\u00e1rias de filmes com curiosidades sobre cada produ\u00e7\u00e3o. O CineGlitz* tamb\u00e9m \u00e9 apresentado no programa Update, no portal <a title=\"FlashLand\" href=\"http:\/\/www.flashland.com.br\/cine-e-tv\/clarice-falcao-estreia-no-cinema-no-cineglitz*-renata-boldrini-faz-a-retrospectiva\" target=\"_blank\">Flashland<\/a>, e no <a title=\"CineGlitz*\" href=\"https:\/\/www.youtube.com\/watch?v=-vcU3PSvpZQ\" target=\"_blank\">Brand Channel<\/a> do Glitz* no Youtube onde apresenta os lan\u00e7amentos mais esperados do cinema.<\/p>\n<p>&nbsp;<\/p>\n<p><iframe src=\"\/\/www.youtube.com\/embed\/YLOizXYsSxw\" width=\"700\" height=\"394\" frameborder=\"0\" allowfullscreen=\"allowfullscreen\"><\/iframe><\/p>\n<p>&nbsp;<\/p>\n<p><iframe src=\"\/\/www.youtube.com\/embed\/YbzKee-_dNc\" width=\"700\" height=\"394\" frameborder=\"0\" allowfullscreen=\"allowfullscreen\"><\/iframe><\/p>\n<p>&nbsp;<\/p>\n<p><iframe src=\"\/\/www.youtube.com\/embed\/k9qlX5SEuzs\" width=\"700\" height=\"394\" frameborder=\"0\" allowfullscreen=\"allowfullscreen\"><\/iframe><\/p>\n<p>&nbsp;<\/p>\n<p>&nbsp;<\/p>\n","protected":false},"excerpt":{"rendered":"<p>A Contente produz a temporada atual do CineGlitz* para o canal Glitz*. A jornalista (e s\u00f3cia da Contente) Renata Boldrini [&hellip;]<\/p>\n","protected":false},"author":1,"featured_media":710,"comment_status":"closed","ping_status":"closed","sticky":false,"template":"","format":"standard","meta":{"footnotes":""},"categories":[13,57],"tags":[],"_links":{"self":[{"href":"https:\/\/contente.ag\/index.php\/wp-json\/wp\/v2\/posts\/697"}],"collection":[{"href":"https:\/\/contente.ag\/index.php\/wp-json\/wp\/v2\/posts"}],"about":[{"href":"https:\/\/contente.ag\/index.php\/wp-json\/wp\/v2\/types\/post"}],"author":[{"embeddable":true,"href":"https:\/\/contente.ag\/index.php\/wp-json\/wp\/v2\/users\/1"}],"replies":[{"embeddable":true,"href":"https:\/\/contente.ag\/index.php\/wp-json\/wp\/v2\/comments?post=697"}],"version-history":[{"count":14,"href":"https:\/\/contente.ag\/index.php\/wp-json\/wp\/v2\/posts\/697\/revisions"}],"predecessor-version":[{"id":774,"href":"https:\/\/contente.ag\/index.php\/wp-json\/wp\/v2\/posts\/697\/revisions\/774"}],"wp:featuredmedia":[{"embeddable":true,"href":"https:\/\/contente.ag\/index.php\/wp-json\/wp\/v2\/media\/710"}],"wp:attachment":[{"href":"https:\/\/contente.ag\/index.php\/wp-json\/wp\/v2\/media?parent=697"}],"wp:term":[{"taxonomy":"category","embeddable":true,"href":"https:\/\/contente.ag\/index.php\/wp-json\/wp\/v2\/categories?post=697"},{"taxonomy":"post_tag","embeddable":true,"href":"https:\/\/contente.ag\/index.php\/wp-json\/wp\/v2\/tags?post=697"}],"curies":[{"name":"wp","href":"https:\/\/api.w.org\/{rel}","templated":true}]}}